      
            
      {"id":891,"date":"2012-08-30T09:17:57","date_gmt":"2012-08-30T08:17:57","guid":{"rendered":"http:\/\/www.mykessel.com\/blog\/?p=891"},"modified":"2012-10-26T08:58:16","modified_gmt":"2012-10-26T07:58:16","slug":"krankenstand","status":"publish","type":"post","link":"https:\/\/www.mykessel.com\/blog\/?p=891","title":{"rendered":"Krankenstand"},"content":{"rendered":"<p>In Gro\u00dfk\u00fcchen gab es vor f\u00fcnf Jahren, laut unserer Statistik, einen durchschnittlichen Krankenstand pro Mitarbeiter von 16 Tagen im Jahr. 2011 verzeichneten wir einen Durchschnitt von 22 Tagen! Wobei sich die Langzeitkrankenst\u00e4nde fast verdoppelt haben.<\/p>\n<p>Was ist in dieser Zeit geschehen? Wird der K\u00f6rper mit der Zeit einfach immer kr\u00e4nker? Ist der Leistungsdruck mehr geworden? Sank die Zufriedenheit mit der Arbeit? Stimmt die Work\/Life Balance nicht? Sind es die Einsparungen? Liegt es an der fehlenden Anerkennung?<\/p>\n<p>Dazu wollen wir Ihre Meinung wissen. Wenn die Hauptursache Ihrer Meinung nach woanders liegt, k\u00f6nnen Sie das im Antwortfeld kundtun. Auch L\u00f6sungsvorschl\u00e4ge sind willkommen.<\/p>\n<p><code>[poll id='4']<\/code><\/p>\n","protected":false},"excerpt":{"rendered":"<p>In Gro\u00dfk\u00fcchen gab es vor f\u00fcnf Jahren, laut unserer Statistik, einen durchschnittlichen Krankenstand pro Mitarbeiter von 16 Tagen im Jahr. 2011 verzeichneten wir einen Durchschnitt von 22 Tagen! Wobei sich die Langzeitkrankenst\u00e4nde fast verdoppelt haben. Was ist in dieser Zeit &hellip; <a href=\"https:\/\/www.mykessel.com\/blog\/?p=891\">Weiterlesen <span class=\"meta-nav\">&rarr;<\/span><\/a><\/p>\n","protected":false},"author":54,"featured_media":0,"comment_status":"open","ping_status":"open","sticky":false,"template":"","format":"gallery","meta":{"footnotes":""},"categories":[10,3],"tags":[],"_links":{"self":[{"href":"https:\/\/www.mykessel.com\/blog\/index.php?rest_route=\/wp\/v2\/posts\/891"}],"collection":[{"href":"https:\/\/www.mykessel.com\/blog\/index.php?rest_route=\/wp\/v2\/posts"}],"about":[{"href":"https:\/\/www.mykessel.com\/blog\/index.php?rest_route=\/wp\/v2\/types\/post"}],"author":[{"embeddable":true,"href":"https:\/\/www.mykessel.com\/blog\/index.php?rest_route=\/wp\/v2\/users\/54"}],"replies":[{"embeddable":true,"href":"https:\/\/www.mykessel.com\/blog\/index.php?rest_route=%2Fwp%2Fv2%2Fcomments&post=891"}],"version-history":[{"count":7,"href":"https:\/\/www.mykessel.com\/blog\/index.php?rest_route=\/wp\/v2\/posts\/891\/revisions"}],"predecessor-version":[{"id":1116,"href":"https:\/\/www.mykessel.com\/blog\/index.php?rest_route=\/wp\/v2\/posts\/891\/revisions\/1116"}],"wp:attachment":[{"href":"https:\/\/www.mykessel.com\/blog\/index.php?rest_route=%2Fwp%2Fv2%2Fmedia&parent=891"}],"wp:term":[{"taxonomy":"category","embeddable":true,"href":"https:\/\/www.mykessel.com\/blog\/index.php?rest_route=%2Fwp%2Fv2%2Fcategories&post=891"},{"taxonomy":"post_tag","embeddable":true,"href":"https:\/\/www.mykessel.com\/blog\/index.php?rest_route=%2Fwp%2Fv2%2Ftags&post=891"}],"curies":[{"name":"wp","href":"https:\/\/api.w.org\/{rel}","templated":true}]}}