      
            
      {"id":763,"date":"2012-08-16T10:38:50","date_gmt":"2012-08-16T09:38:50","guid":{"rendered":"http:\/\/www.mykessel.com\/blog\/?p=763"},"modified":"2012-08-30T09:25:26","modified_gmt":"2012-08-30T08:25:26","slug":"gedanken-zur-zeit-in-der-wir-jetzt-leben","status":"publish","type":"post","link":"https:\/\/www.mykessel.com\/blog\/?p=763","title":{"rendered":"Gedanken zur Zeit, in der wir jetzt leben"},"content":{"rendered":"<p><span style=\"color: #993300;\"><strong>Was wir brauchen:<\/strong><\/span><\/p>\n<ul>\n<li>Wir brauchen Nachhaltigkeit<\/li>\n<li>Wir brauchen Transparenz<\/li>\n<li>Wir brauchen gesunde, motivierte Mitarbeiter<\/li>\n<li>Wir brauchen mehr Selbstbewusstsein<\/li>\n<li>Wir brauchen Anerkennung<\/li>\n<li>Wir brauchen Sicherheit<\/li>\n<li>Wir brauchen Liebe<\/li>\n<\/ul>\n<p><span style=\"color: #993300;\"><strong>Was wir wollen:<\/strong><\/span><\/p>\n<ul>\n<li>Wir wollen eine gerechte Bezahlung<\/li>\n<li>Wir wollen Anerkennung f\u00fcr unsere Leistungen<\/li>\n<li>Wir wollen Spa\u00df und Freude an der Arbeit<\/li>\n<li>Wir wollen mitbestimmen<\/li>\n<li>Wir wollen echte Perspektiven<\/li>\n<li>Wir wollen gl\u00fccklich und zufrieden sein<\/li>\n<\/ul>\n<p><span style=\"color: #993300;\"><strong>Was wir sehen:<\/strong><\/span><\/p>\n<ul>\n<li>Eine Wirtschaftskrise<\/li>\n<li>Eine Bankenkrise<\/li>\n<li>Eine Eurokrise<\/li>\n<li>Ein kollabierendes Gesundheitssystem<\/li>\n<li>Krieg und Vernichtung<\/li>\n<li>Erdbeben, Tsunamis und \u00dcberflutungen<\/li>\n<li>Schuldenbremse<\/li>\n<li>Steigende Arbeitslosigkeit<\/li>\n<li>Korrupte Politiker<\/li>\n<li>Gier und Ma\u00dflosigkeit<\/li>\n<li>Armut und Hunger<\/li>\n<li>Burnout und eine steigende Anzahl an Wohlstandskrankheiten<\/li>\n<\/ul>\n<p><strong>Offensichtlich l\u00e4uft gerade ziemlich viel in die falsche Richtung. Das k\u00f6nnen wir uns weiter gefallen lassen, mit der Aussicht, dass es noch schlimmer wird oder wir tun etwas!<\/strong><\/p>\n<p><strong>Auch die l\u00e4ngste Reise f\u00e4ngt mit dem ersten Schritt an, besagt ein Sprichwort. Also machen wir einen ersten Schritt und beginnen endlich Verantwortung f\u00fcr unser Leben, unsere Mitmenschen und unseren Planeten zu \u00fcbernehmen. <\/strong><\/p>\n<p><span style=\"color: #993300;\"><strong>Was wir tun k\u00f6nnen:<\/strong><\/span><\/p>\n<ul>\n<li>Um etwas zu ver\u00e4ndern, m\u00fcssen wir eine Entscheidung treffen.<\/li>\n<li>Um eine Entscheidung zu treffen, m\u00fcssen wir uns bewegen.<\/li>\n<li>Um etwas zu bewegen, m\u00fcssen wir zusammenhalten.<\/li>\n<li>Um zusammen zu halten, m\u00fcssen wir uns vernetzen.<\/li>\n<li>Wenn wir uns vernetzen, werden wir voneinander lernen.<\/li>\n<li>Wenn wir voneinander lernen, werden wir st\u00e4rker.<\/li>\n<li>Wenn wir st\u00e4rker werden, k\u00f6nnen wir etwas ver\u00e4ndern.<\/li>\n<\/ul>\n<p><span style=\"color: #993300;\"><strong>Was wir \u00a0sagen:<\/strong><\/span><\/p>\n<ul>\n<li>Es ist gerade Urlaubszeit\u2026<\/li>\n<li>Das ist im Budget nicht vorgesehen\u2026<\/li>\n<li>Warum sollten wir f\u00fcr so etwas Geld ausgeben\u2026<\/li>\n<li>Daf\u00fcr bin nicht ich zust\u00e4ndig\u2026<\/li>\n<li>Ich m\u00f6chte schon, aber die Anderen\u2026<\/li>\n<li>Was muss ich noch alles tun\u2026<\/li>\n<li>Bei der Bezahlung mache ich nur das Notwendigste\u2026<\/li>\n<li>Wir haben das immer schon so gemacht, wieso sollten wir das \u00e4ndern\u2026<\/li>\n<li>Lass mich in Ruhe, ich habe es sowieso schon schwer genug\u2026<\/li>\n<li>Sollen sich doch die Anderen ver\u00e4ndern\u2026<\/li>\n<\/ul>\n<p><strong><span style=\"color: #993300;\">Was andere sagen:<\/span> <\/strong><\/p>\n<blockquote><p>\u201eDie einzige Konstante im Leben, ist die Ver\u00e4nderung\u201c-<em>unbekannter Autor<\/em><\/p>\n<p>\u201eWer nicht mit der Zeit geht, geht mit der Zeit\u201c &#8211;<em>Seneca<\/em><\/p>\n<p>\u201eSei du selbst die Ver\u00e4nderung, die du dir w\u00fcnschst f\u00fcr diese Welt\u201c &#8211; <em>Mahatma Gandhi<\/em><\/p>\n<p>\u201eF\u00fcr Wunder muss man beten, f\u00fcr Ver\u00e4nderungen aber arbeiten\u201c \u2013 <em>Thomas von Aquin<\/em><\/p>\n<p>\u201eIch kann freilich nicht sagen, ob es besser werden wird, wenn es anders wird; aber so viel kann ich sagen: es muss anders werden, wenn es gut werden soll\u201c \u2013 <em>Georg Christoph Lichtenberg<\/em><\/p>\n<p>\u201eBevor man die Welt ver\u00e4ndert, w\u00e4re es vielleicht doch wichtiger, sie nicht zugrunde zu richten\u201c \u2013 <em>Paul Claudel<\/em><\/p>\n<p>\u201eWer st\u00e4ndig gl\u00fccklich sein m\u00f6chte, muss sich oft ver\u00e4ndern\u201c &#8211; <em>Konfuzius<\/em><\/p>\n<p>\u201eWenn der Wind des Wandels weht, bauen die Einen Schutzmauer, die Anderen bauen Windm\u00fchlen\u201c &#8211;<em>Chin. Weisheit<\/em><\/p>\n<p>\u201eDie Zukunft soll man nicht voraussehen wollen, sondern m\u00f6glich machen\u201c \u2013 <em>Antoine de Saint-Exupery<\/em><\/p>\n<p>\u201eWer immer tut, was er schon kann, bleibt immer das, was er schon ist\u201c \u2013 <em>Henry Ford<\/em><\/p>\n<p>\u201eWandlung ist notwendig wie die Erneuerung der Bl\u00e4tter im Fr\u00fchjahr! \u2013 <em>Vincent van Gogh<\/em><\/p>\n<p>\u201eAlle Ver\u00e4nderung erzeugt Angst. Und die bek\u00e4mpft man am besten, indem man das Wissen verbessert\u201c &#8211; <em>Ihno Schneevoigt<\/em><\/p>\n<p>\u201eLeider erscheint uns die Idee, jemand anderen zu ver\u00e4ndern, viel faszinierender, als an uns selbst zu arbeiten\u201c <em>&#8211; u<\/em><em>nbekannter Autor<\/em><\/p>\n<p>\u201eNicht was der Zeit widersteht ist dauerhaft, sondern was sich klugerweise mit ihr \u00e4ndert\u201c- <em>u<\/em><em>nbekannter Autor<\/em><\/p>\n<p>\u201eVer\u00e4nderungen machen uns vor allen Dingen deshalb Angst, weil sie uns dazu zwingen, uns aus der H\u00e4ngematte der Gewohnheit herauszubegeben &#8211; <em>Helga Sch\u00e4ferling<\/em><\/p>\n<p>\u201eWas bleibt, ist die Ver\u00e4nderung; was sich ver\u00e4ndert, bleibt\u201c &#8211; <em>u<\/em><em>nbekannter Autor<\/em><\/p>\n<p>\u201eWer neue Wege gehen will, muss alte Pfade verlassen\u201c &#8211; <em>Manfred Grau<\/em><\/p><\/blockquote>\n<p><strong>\u00a0<\/strong><\/p>\n","protected":false},"excerpt":{"rendered":"<p>Was wir brauchen: Wir brauchen Nachhaltigkeit Wir brauchen Transparenz Wir brauchen gesunde, motivierte Mitarbeiter Wir brauchen mehr Selbstbewusstsein Wir brauchen Anerkennung Wir brauchen Sicherheit Wir brauchen Liebe Was wir wollen: Wir wollen eine gerechte Bezahlung Wir wollen Anerkennung f\u00fcr unsere &hellip; <a href=\"https:\/\/www.mykessel.com\/blog\/?p=763\">Weiterlesen <span class=\"meta-nav\">&rarr;<\/span><\/a><\/p>\n","protected":false},"author":54,"featured_media":0,"comment_status":"open","ping_status":"open","sticky":false,"template":"","format":"gallery","meta":{"footnotes":""},"categories":[1],"tags":[],"_links":{"self":[{"href":"https:\/\/www.mykessel.com\/blog\/index.php?rest_route=\/wp\/v2\/posts\/763"}],"collection":[{"href":"https:\/\/www.mykessel.com\/blog\/index.php?rest_route=\/wp\/v2\/posts"}],"about":[{"href":"https:\/\/www.mykessel.com\/blog\/index.php?rest_route=\/wp\/v2\/types\/post"}],"author":[{"embeddable":true,"href":"https:\/\/www.mykessel.com\/blog\/index.php?rest_route=\/wp\/v2\/users\/54"}],"replies":[{"embeddable":true,"href":"https:\/\/www.mykessel.com\/blog\/index.php?rest_route=%2Fwp%2Fv2%2Fcomments&post=763"}],"version-history":[{"count":4,"href":"https:\/\/www.mykessel.com\/blog\/index.php?rest_route=\/wp\/v2\/posts\/763\/revisions"}],"predecessor-version":[{"id":900,"href":"https:\/\/www.mykessel.com\/blog\/index.php?rest_route=\/wp\/v2\/posts\/763\/revisions\/900"}],"wp:attachment":[{"href":"https:\/\/www.mykessel.com\/blog\/index.php?rest_route=%2Fwp%2Fv2%2Fmedia&parent=763"}],"wp:term":[{"taxonomy":"category","embeddable":true,"href":"https:\/\/www.mykessel.com\/blog\/index.php?rest_route=%2Fwp%2Fv2%2Fcategories&post=763"},{"taxonomy":"post_tag","embeddable":true,"href":"https:\/\/www.mykessel.com\/blog\/index.php?rest_route=%2Fwp%2Fv2%2Ftags&post=763"}],"curies":[{"name":"wp","href":"https:\/\/api.w.org\/{rel}","templated":true}]}}