      
            
      {"id":694,"date":"2012-08-13T09:37:50","date_gmt":"2012-08-13T08:37:50","guid":{"rendered":"http:\/\/www.mykessel.com\/blog\/?p=694"},"modified":"2012-08-30T09:25:37","modified_gmt":"2012-08-30T08:25:37","slug":"694","status":"publish","type":"post","link":"https:\/\/www.mykessel.com\/blog\/?p=694","title":{"rendered":"Pflegeheim Matrei im Radio!"},"content":{"rendered":"<p><a href=\"http:\/\/www.osttirol-online.at\/aktuelles\/radioosttirolnews\/audio-beitraege\/7148-das-wohn-und-pflegeheim-matrei-wurde-erneut-mit-4-kesseln-ausgezeichnet\"><img loading=\"lazy\" decoding=\"async\" class=\"alignleft  wp-image-697\" title=\"PH Matrei-Radiobeitrag\" src=\"http:\/\/www.mykessel.com\/blog\/wp-content\/uploads\/2012\/08\/PH-Matrei-Radiobeitrag-300x81.jpg\" alt=\"\" width=\"416\" height=\"141\" \/><\/a><\/p>\n<p>&nbsp;<\/p>\n<p>&nbsp;<\/p>\n<p>&nbsp;<\/p>\n<p>Hier k\u00f6nnen Sie den Beitrag\u00a0vom Radio-Osttirol h\u00f6ren. Einfach auf den Link klicken und anschlie\u00dfend auf das Radiosymbol.<\/p>\n<p>Wenn Ihnen der Beitrag gef\u00e4llt, w\u00fcrde es uns freuen wenn Sie ihn an interessierte Kollegen weiterleiten. Viel Spa\u00df beim h\u00f6ren.<\/p>\n","protected":false},"excerpt":{"rendered":"<p>&nbsp; &nbsp; &nbsp; Hier k\u00f6nnen Sie den Beitrag\u00a0vom Radio-Osttirol h\u00f6ren. Einfach auf den Link klicken und anschlie\u00dfend auf das Radiosymbol. Wenn Ihnen der Beitrag gef\u00e4llt, w\u00fcrde es uns freuen wenn Sie ihn an interessierte Kollegen weiterleiten. Viel Spa\u00df beim h\u00f6ren.<\/p>\n","protected":false},"author":54,"featured_media":0,"comment_status":"open","ping_status":"open","sticky":false,"template":"","format":"standard","meta":{"footnotes":""},"categories":[1],"tags":[],"_links":{"self":[{"href":"https:\/\/www.mykessel.com\/blog\/index.php?rest_route=\/wp\/v2\/posts\/694"}],"collection":[{"href":"https:\/\/www.mykessel.com\/blog\/index.php?rest_route=\/wp\/v2\/posts"}],"about":[{"href":"https:\/\/www.mykessel.com\/blog\/index.php?rest_route=\/wp\/v2\/types\/post"}],"author":[{"embeddable":true,"href":"https:\/\/www.mykessel.com\/blog\/index.php?rest_route=\/wp\/v2\/users\/54"}],"replies":[{"embeddable":true,"href":"https:\/\/www.mykessel.com\/blog\/index.php?rest_route=%2Fwp%2Fv2%2Fcomments&post=694"}],"version-history":[{"count":6,"href":"https:\/\/www.mykessel.com\/blog\/index.php?rest_route=\/wp\/v2\/posts\/694\/revisions"}],"predecessor-version":[{"id":901,"href":"https:\/\/www.mykessel.com\/blog\/index.php?rest_route=\/wp\/v2\/posts\/694\/revisions\/901"}],"wp:attachment":[{"href":"https:\/\/www.mykessel.com\/blog\/index.php?rest_route=%2Fwp%2Fv2%2Fmedia&parent=694"}],"wp:term":[{"taxonomy":"category","embeddable":true,"href":"https:\/\/www.mykessel.com\/blog\/index.php?rest_route=%2Fwp%2Fv2%2Fcategories&post=694"},{"taxonomy":"post_tag","embeddable":true,"href":"https:\/\/www.mykessel.com\/blog\/index.php?rest_route=%2Fwp%2Fv2%2Ftags&post=694"}],"curies":[{"name":"wp","href":"https:\/\/api.w.org\/{rel}","templated":true}]}}