      
            
      {"id":655,"date":"2012-08-03T13:16:42","date_gmt":"2012-08-03T12:16:42","guid":{"rendered":"http:\/\/www.mykessel.com\/blog\/?p=655"},"modified":"2012-08-30T09:26:10","modified_gmt":"2012-08-30T08:26:10","slug":"pflegeheim-matrei-in-der-presse","status":"publish","type":"post","link":"https:\/\/www.mykessel.com\/blog\/?p=655","title":{"rendered":"Pflegeheim Matrei in der Presse!"},"content":{"rendered":"<p><a href=\"http:\/\/www.mykessel.com\/blog\/wp-content\/uploads\/2012\/08\/PH-Matrei.jpg\"><img loading=\"lazy\" decoding=\"async\" class=\"alignleft size-medium wp-image-656\" title=\"PH Matrei\" src=\"http:\/\/www.mykessel.com\/blog\/wp-content\/uploads\/2012\/08\/PH-Matrei-300x193.jpg\" alt=\"\" width=\"300\" height=\"193\" srcset=\"https:\/\/www.mykessel.com\/blog\/wp-content\/uploads\/2012\/08\/PH-Matrei-300x193.jpg 300w, https:\/\/www.mykessel.com\/blog\/wp-content\/uploads\/2012\/08\/PH-Matrei.jpg 642w\" sizes=\"(max-width: 300px) 100vw, 300px\" \/><\/a>Das gute Abschneiden der K\u00fcche vom Pflegeheim Matrei wurde in den Medien hoch gelobt. Sogar Radio Osttirol berichtete \u00fcber den Erfolg. Mit 19,27 Punkten oder vier Kesseln und vier gr\u00fcnen Bl\u00e4ttern katapultierte sich das Pflegeheim auf Platz 2.<\/p>\n<p><a href=\"http:\/\/www.mykessel.com\/blog\/wp-content\/uploads\/2012\/08\/Matrei-Kessel-2012.pdf\">Den Bericht lesen Sie hier<\/a><\/p>\n","protected":false},"excerpt":{"rendered":"<p>Das gute Abschneiden der K\u00fcche vom Pflegeheim Matrei wurde in den Medien hoch gelobt. Sogar Radio Osttirol berichtete \u00fcber den Erfolg. Mit 19,27 Punkten oder vier Kesseln und vier gr\u00fcnen Bl\u00e4ttern katapultierte sich das Pflegeheim auf Platz 2. Den Bericht &hellip; <a href=\"https:\/\/www.mykessel.com\/blog\/?p=655\">Weiterlesen <span class=\"meta-nav\">&rarr;<\/span><\/a><\/p>\n","protected":false},"author":54,"featured_media":0,"comment_status":"open","ping_status":"open","sticky":false,"template":"","format":"standard","meta":{"footnotes":""},"categories":[1],"tags":[],"_links":{"self":[{"href":"https:\/\/www.mykessel.com\/blog\/index.php?rest_route=\/wp\/v2\/posts\/655"}],"collection":[{"href":"https:\/\/www.mykessel.com\/blog\/index.php?rest_route=\/wp\/v2\/posts"}],"about":[{"href":"https:\/\/www.mykessel.com\/blog\/index.php?rest_route=\/wp\/v2\/types\/post"}],"author":[{"embeddable":true,"href":"https:\/\/www.mykessel.com\/blog\/index.php?rest_route=\/wp\/v2\/users\/54"}],"replies":[{"embeddable":true,"href":"https:\/\/www.mykessel.com\/blog\/index.php?rest_route=%2Fwp%2Fv2%2Fcomments&post=655"}],"version-history":[{"count":5,"href":"https:\/\/www.mykessel.com\/blog\/index.php?rest_route=\/wp\/v2\/posts\/655\/revisions"}],"predecessor-version":[{"id":903,"href":"https:\/\/www.mykessel.com\/blog\/index.php?rest_route=\/wp\/v2\/posts\/655\/revisions\/903"}],"wp:attachment":[{"href":"https:\/\/www.mykessel.com\/blog\/index.php?rest_route=%2Fwp%2Fv2%2Fmedia&parent=655"}],"wp:term":[{"taxonomy":"category","embeddable":true,"href":"https:\/\/www.mykessel.com\/blog\/index.php?rest_route=%2Fwp%2Fv2%2Fcategories&post=655"},{"taxonomy":"post_tag","embeddable":true,"href":"https:\/\/www.mykessel.com\/blog\/index.php?rest_route=%2Fwp%2Fv2%2Ftags&post=655"}],"curies":[{"name":"wp","href":"https:\/\/api.w.org\/{rel}","templated":true}]}}