      
            
      {"id":2958,"date":"2019-07-18T14:15:17","date_gmt":"2019-07-18T13:15:17","guid":{"rendered":"http:\/\/www.mykessel.com\/blog\/?p=2958"},"modified":"2019-07-18T14:16:58","modified_gmt":"2019-07-18T13:16:58","slug":"fuenf-kessel-und-fuenf-gruene-blaetter-fuer-das-integra-betriebsrestaurant-in-bayern","status":"publish","type":"post","link":"https:\/\/www.mykessel.com\/blog\/?p=2958","title":{"rendered":"F\u00fcnf Kessel und f\u00fcnf gr\u00fcne Bl\u00e4tter f\u00fcr das Integra Betriebsrestaurant in Bayern!"},"content":{"rendered":"<div style=\"width: 100%; padding-top: 56.25%; position: relative; background: #000;\"><iframe loading=\"lazy\" style=\"position: absolute; left: 0; right: 0; bottom: 0; top: 0; border: 0; height: 100%; width: 100%;\" src=\"https:\/\/www.br.de\/mediathek\/embed\/mehr-wert-frisch-regional-sozial-in-bayern-ist-eine-der-besten-kantinen-deutschlands-av:5d275d98ba3296001a4f1fd6\" height=\"240\" width=\"320\" allowfullscreen=\"\"><\/iframe><\/div>\n<p>Max Sparhuber, K\u00fcchenchef im Betriebsrestaurant vom Maschinenring in Neuburg an der Donau, hat es geschafft. In <strong>nur zwei Jahren!<\/strong> gelang es ihm und seinem Team den begehrten 5ten Kessel zu erreichen. Mit der frischen und regionalen K\u00fcche und einem Obst- und Gem\u00fcseanteil von 24% erreichte er auch die 5 gr\u00fcnen Bl\u00e4tter.<\/p>\n<p>Wir gratulieren recht herzlich.<\/p>\n","protected":false},"excerpt":{"rendered":"<p>Max Sparhuber, K\u00fcchenchef im Betriebsrestaurant vom Maschinenring in Neuburg an der Donau, hat es geschafft. In nur zwei Jahren! gelang es ihm und seinem Team den begehrten 5ten Kessel zu erreichen. Mit der frischen und regionalen K\u00fcche und einem Obst- &hellip; <a href=\"https:\/\/www.mykessel.com\/blog\/?p=2958\">Weiterlesen <span class=\"meta-nav\">&rarr;<\/span><\/a><\/p>\n","protected":false},"author":54,"featured_media":0,"comment_status":"open","ping_status":"open","sticky":false,"template":"","format":"gallery","meta":{"footnotes":""},"categories":[9,1],"tags":[],"_links":{"self":[{"href":"https:\/\/www.mykessel.com\/blog\/index.php?rest_route=\/wp\/v2\/posts\/2958"}],"collection":[{"href":"https:\/\/www.mykessel.com\/blog\/index.php?rest_route=\/wp\/v2\/posts"}],"about":[{"href":"https:\/\/www.mykessel.com\/blog\/index.php?rest_route=\/wp\/v2\/types\/post"}],"author":[{"embeddable":true,"href":"https:\/\/www.mykessel.com\/blog\/index.php?rest_route=\/wp\/v2\/users\/54"}],"replies":[{"embeddable":true,"href":"https:\/\/www.mykessel.com\/blog\/index.php?rest_route=%2Fwp%2Fv2%2Fcomments&post=2958"}],"version-history":[{"count":5,"href":"https:\/\/www.mykessel.com\/blog\/index.php?rest_route=\/wp\/v2\/posts\/2958\/revisions"}],"predecessor-version":[{"id":2964,"href":"https:\/\/www.mykessel.com\/blog\/index.php?rest_route=\/wp\/v2\/posts\/2958\/revisions\/2964"}],"wp:attachment":[{"href":"https:\/\/www.mykessel.com\/blog\/index.php?rest_route=%2Fwp%2Fv2%2Fmedia&parent=2958"}],"wp:term":[{"taxonomy":"category","embeddable":true,"href":"https:\/\/www.mykessel.com\/blog\/index.php?rest_route=%2Fwp%2Fv2%2Fcategories&post=2958"},{"taxonomy":"post_tag","embeddable":true,"href":"https:\/\/www.mykessel.com\/blog\/index.php?rest_route=%2Fwp%2Fv2%2Ftags&post=2958"}],"curies":[{"name":"wp","href":"https:\/\/api.w.org\/{rel}","templated":true}]}}