      
            
      {"id":2643,"date":"2016-12-21T11:32:59","date_gmt":"2016-12-21T10:32:59","guid":{"rendered":"http:\/\/www.mykessel.com\/blog\/?p=2643"},"modified":"2018-01-07T09:07:56","modified_gmt":"2018-01-07T08:07:56","slug":"frohe-weihnachten-und-ein-erfolgreiches-2017","status":"publish","type":"post","link":"https:\/\/www.mykessel.com\/blog\/?p=2643","title":{"rendered":"Frohe Weihnachten und ein erfolgreiches 2018"},"content":{"rendered":"<p>Liebe Kessel-Freunde!<a href=\"http:\/\/www.mykessel.com\/blog\/wp-content\/uploads\/2013\/12\/Weihnachten.jpg\"><img loading=\"lazy\" decoding=\"async\" class=\"alignleft  wp-image-2097\" alt=\"Weihnachten\" src=\"http:\/\/www.mykessel.com\/blog\/wp-content\/uploads\/2013\/12\/Weihnachten.jpg\" width=\"257\" height=\"311\" srcset=\"https:\/\/www.mykessel.com\/blog\/wp-content\/uploads\/2013\/12\/Weihnachten.jpg 257w, https:\/\/www.mykessel.com\/blog\/wp-content\/uploads\/2013\/12\/Weihnachten-247x300.jpg 247w\" sizes=\"(max-width: 257px) 100vw, 257px\" \/><\/a><\/p>\n<p>Ein Jahr neigt sich wieder dem Ende zu. Ein Jahr, in dem viele Betriebe in \u00d6sterreich, Deutschland, Lichtenstein und der Schweiz den ersten Schritt auf den Weg zur Spitze gemacht haben. Und ein Jahr, wo viele ihr Ergebnis verbessern konnten. Bei all denen m\u00f6chte wir uns f\u00fcr das Vertrauen bedanken, das sie uns entgegengebracht haben.<\/p>\n<p>Weihnachten und der Beginn eines neuen Jahres steht auch f\u00fcr die Zeit der W\u00fcnsche. Abgesehen von einem friedlichen Jahr w\u00fcnschen wir allen K\u00fcchenteams, dass sie ihre Potenziale im Jahr 2017 weiter voll entfalten k\u00f6nnen. Dass ihre Talente, Begabungen und Leistungen sichtbar werden. Wir w\u00fcnschen ein Miteinander und ein Streben nach einer gesunden Ern\u00e4hrung, h\u00f6chste Mitarbeiterzufriedenheit und die Anerkennung, die Sie verdienen.<\/p>\n<p>Und nat\u00fcrlich stehen wir jedem Team mit Seminaren, Schulungen und pers\u00f6nliches Coachings wie immer zur Verf\u00fcgung.<\/p>\n<p>Wir m\u00f6chten mit einem Zitat vom <b><i>Nelson Mandela<\/i><\/b> abschlie\u00dfen:<\/p>\n<p align=\"center\"><b>\u201e<\/b>Unsere gr\u00f6\u00dfte Angst ist nicht, dass wir klein und unbedeutend sind.<\/p>\n<p align=\"center\">Unsere gr\u00f6\u00dfte Angst ist es, unendlich m\u00e4chtig zu sein. Was uns am meisten \u00e4ngstigt, ist unsere Licht, nicht unsere Dunkelheit. Wir fragen uns, wer bin ich denn schon, dass ich klug, brillant, sch\u00f6n, talentiert und fabelhaft sein soll?<br \/>\nIch frage euch:<br \/>\n<b>Warum sollet ihr es nicht sein<\/b>?\u201c<\/p>\n<p>Im diese Sinne w\u00fcnschen wir allen gesegnete Weihnachten und ein erfolgreiches neues Jahr.<\/p>\n<p>Peter &amp; Barbara van Melle<\/p>\n","protected":false},"excerpt":{"rendered":"<p>Liebe Kessel-Freunde! Ein Jahr neigt sich wieder dem Ende zu. Ein Jahr, in dem viele Betriebe in \u00d6sterreich, Deutschland, Lichtenstein und der Schweiz den ersten Schritt auf den Weg zur Spitze gemacht haben. Und ein Jahr, wo viele ihr Ergebnis &hellip; <a href=\"https:\/\/www.mykessel.com\/blog\/?p=2643\">Weiterlesen <span class=\"meta-nav\">&rarr;<\/span><\/a><\/p>\n","protected":false},"author":54,"featured_media":0,"comment_status":"open","ping_status":"open","sticky":false,"template":"","format":"gallery","meta":{"footnotes":""},"categories":[1],"tags":[],"_links":{"self":[{"href":"https:\/\/www.mykessel.com\/blog\/index.php?rest_route=\/wp\/v2\/posts\/2643"}],"collection":[{"href":"https:\/\/www.mykessel.com\/blog\/index.php?rest_route=\/wp\/v2\/posts"}],"about":[{"href":"https:\/\/www.mykessel.com\/blog\/index.php?rest_route=\/wp\/v2\/types\/post"}],"author":[{"embeddable":true,"href":"https:\/\/www.mykessel.com\/blog\/index.php?rest_route=\/wp\/v2\/users\/54"}],"replies":[{"embeddable":true,"href":"https:\/\/www.mykessel.com\/blog\/index.php?rest_route=%2Fwp%2Fv2%2Fcomments&post=2643"}],"version-history":[{"count":3,"href":"https:\/\/www.mykessel.com\/blog\/index.php?rest_route=\/wp\/v2\/posts\/2643\/revisions"}],"predecessor-version":[{"id":2689,"href":"https:\/\/www.mykessel.com\/blog\/index.php?rest_route=\/wp\/v2\/posts\/2643\/revisions\/2689"}],"wp:attachment":[{"href":"https:\/\/www.mykessel.com\/blog\/index.php?rest_route=%2Fwp%2Fv2%2Fmedia&parent=2643"}],"wp:term":[{"taxonomy":"category","embeddable":true,"href":"https:\/\/www.mykessel.com\/blog\/index.php?rest_route=%2Fwp%2Fv2%2Fcategories&post=2643"},{"taxonomy":"post_tag","embeddable":true,"href":"https:\/\/www.mykessel.com\/blog\/index.php?rest_route=%2Fwp%2Fv2%2Ftags&post=2643"}],"curies":[{"name":"wp","href":"https:\/\/api.w.org\/{rel}","templated":true}]}}