      
            
      {"id":2414,"date":"2014-07-21T13:35:24","date_gmt":"2014-07-21T12:35:24","guid":{"rendered":"http:\/\/www.mykessel.com\/blog\/?p=2414"},"modified":"2014-07-21T13:36:12","modified_gmt":"2014-07-21T12:36:12","slug":"2414","status":"publish","type":"post","link":"https:\/\/www.mykessel.com\/blog\/?p=2414","title":{"rendered":"Frankreich f\u00fchrt \u201eHausgemacht-Label\u201c ein!"},"content":{"rendered":"<p><b>Im April 2013<\/b> trafen sich in Frankreich 15 Spitzenk\u00f6che, um aus Sorge um die Qualit\u00e4t und den guten Ruf der franz\u00f6sischen K\u00fcche ein neues G\u00fctesiegel zu lancieren. Es soll Restaurants aller Kategorien und Preisklassen verliehen werden, die das Essen noch selbst &#8211; mit frischen Zutaten &#8211; zubereiten.<\/p>\n<p>\u201eVon den rund 150.000 Restaurants in Frankreich begn\u00fcgten sich <b>drei Viertel<\/b> mit industriellen Speisen\u201c, kritisierte Alain Ducasse. Der Spitzenkoch, der Feinschmecker-Etablissements in acht L\u00e4ndern betreibt, hatte die Initiative mit 14 seiner Kollegen angesto\u00dfen.<\/p>\n<p>\u201eEin durchschnittlicher Kunde wisse heute meistens nicht, was ihn in einem Restaurant erwarte\u201c, sagte Ducasse. Ihnen soll das neue Qualit\u00e4tslabel bei der Suche nach einem guten Restaurant helfen.<\/p>\n<p>&#8222;Wir wollen unsere Bekanntheit und Erfahrung nutzen, um der ganzen Branche behilflich zu sein&#8220;, sagte Ducasse. Er selbst und seine Mitstreiter wollten nicht l\u00e4nger tatenlos zusehen, wie die Qualit\u00e4t der franz\u00f6sischen K\u00fcche angezweifelt werde &#8211; vor allem in englischsprachigen Medien. Zu den Initiatoren des Siegels geh\u00f6ren auch der Altvater der &#8222;Nouvelle Cuisine&#8220;, Paul Bocuse, und die Sternek\u00f6chin Anne-Sophie Pic.<\/p>\n<p><b>Jetzt im Juli 2014<\/b> hat die franz\u00f6sische Regierung auf die Initiative der Spitzenk\u00f6chen reagiert und ein neues Gesetzt verabschiedet, mit dem die Regierung gegen die Zunahme von in Fabriken hergestelltem und abgepacktem Essen in franz\u00f6sischen Restaurants vorgehen will.<\/p>\n<p>Restaurant-G\u00e4ste in Fr<a href=\"http:\/\/www.mykessel.com\/blog\/wp-content\/uploads\/2014\/07\/fait-maison-Logo.jpg\"><img loading=\"lazy\" decoding=\"async\" class=\"alignleft size-full wp-image-2415\" alt=\"fait maison-Logo\" src=\"http:\/\/www.mykessel.com\/blog\/wp-content\/uploads\/2014\/07\/fait-maison-Logo.jpg\" width=\"262\" height=\"196\" \/><\/a>ankreich werden in dieser Woche erstmals ein neues Symbol auf den Speisekarten finden: eine Bratpfanne mit einem Haus dar\u00fcber. Das Zeichen soll zeigen, dass das Essen im Haus zubereitet wurde.<\/p>\n<p>Carole Delga, Staatssekret\u00e4rin f\u00fcr Verbraucherschutz, sagte der Nachrichtenagentur Associated Press, dass das Logo die Kunden besser dar\u00fcber informiere, was sie vorgesetzt bek\u00e4men. Zudem werde damit die kulinarische Tradition des Landes hochgehalten (die franz\u00f6sische K\u00fcche ist 2010 durch die Unesco zum Weltkulturerbe ernannt worden und dieses Weltkulturerbe muss nat\u00fcrlich gesch\u00fctzt und gelebt werden).<\/p>\n<p>Das Gesetz trat diese Woche in Kraft, r\u00e4umt den Restaurants und Caterern jedoch eine \u00dcbergangszeit bis zum 1. Januar 2015 ein, um ihre Karten umzustellen.<\/p>\n<p>Also die Franzosen fackeln nicht sehr lange herum wenn es um die Qualit\u00e4t ihres Essens geht.<\/p>\n<p><b>Das neue Gesetzt erntet jedoch auch sehr viel Kritik<\/b>. Unklar blieben die Fragen nach der Organisation von Kontrollen, Strafen und nach dem Anteil industriell vorgefertigter Produkte, damit ein Gericht noch als &#8222;hausgemacht&#8220; durchgeht. Geh\u00f6rt eine Quiche Lorraine mit einem Fertigteig, aber frisch zubereiteter Sahne-Eier-Masse dazu? Umih-Pr\u00e4sident Hubert Jan bem\u00e4ngelt zu unscharfe Konturen des neuen Labels. Manche Gastronomen warnen auch vor der &#8222;Verteufelung&#8220; von Tiefk\u00fchlprodukten, die nicht generell schlecht seien.<br \/>\nVielen sagen, die 35 Stunden-Woche und die hohen Personalkosten seien schuld an der schlechten Qualit\u00e4t vieler Restaurants. Sie sind <b>gezwungen<\/b> mit einem hohen Anteil an Convenience-Produkten zu arbeiten.<\/p>\n<p><b>Mit dem G\u00fctesiegel von MyKessel sind wir im deutschsprachigen Raum schon viel weiter.<\/b><\/p>\n<p>Erstens wird die komplexe Welt der Gastronomie ganzheitlich betrachtet. Nicht nur ob frische Produkte zum Einsatz kommen, sondern wie damit umgegangen wird, ob regional, saisonal oder biologisch, welche Technik zum Einsatz kommt, die Hygienebedingungen, die Abfallquoten, die Personalsituation, der Wareneinsatz, Aktionen und Marketingma\u00dfnahme und nicht zuletzt die Wirtschaftlichkeit.<\/p>\n<p><a href=\"http:\/\/www.mykessel.com\/blog\/wp-content\/uploads\/2014\/07\/kessel_Siegel2014.gif\"><img loading=\"lazy\" decoding=\"async\" class=\"alignleft  wp-image-2416\" alt=\"kessel_Siegel2014\" src=\"http:\/\/www.mykessel.com\/blog\/wp-content\/uploads\/2014\/07\/kessel_Siegel2014-300x266.gif\" width=\"216\" height=\"190\" \/><\/a>Das G\u00fctesiegel von <i>Mykessel<\/i> beruht auf einer Selbstkontrolle, die mit einem einfachen Online Programm jedem zur Verf\u00fcgung steht. Dabei l\u00e4sst es den Gastronomen gen\u00fcgend Freiheiten und gibt dadurch Raum f\u00fcr Eigeninitiativen.<\/p>\n<p>Nat\u00fcrlich w\u00e4re es optimal wenn die Regierungen von Deutschland, \u00d6sterreich und der Schweiz diese Selbstkontrolle als Gesetz verabschieden w\u00fcrden. Dass diese Transparenz durch 95% der Bev\u00f6lkerung in Frankreich erw\u00fcnscht ist, haben viele Umfragen ergeben.<\/p>\n<p>Bis dahin k\u00f6nnen Verb\u00e4nde, Organisationen, Caterer und K\u00f6che von sich aus aktiv werden und sich f\u00fcr eine frische, nachhaltige K\u00fcche einsetzen. Die Kessel-Methode ist erprobt und findet bei \u00fcber 300 Betrieben ihre Zustimmung. Statt zu warten bis die Regierung ein Gesetz verabschiedet, dass dann wie in Frankreich sehr l\u00fcckenhaft und teilweise heftig umstritten ist, sollte wir uns alle <b>vorher<\/b> auf <b>ein<\/b> System einigen. Wir brauchen das Rad nicht neu zu erfinden, denn <i>MyKessel<\/i> ist von Profis f\u00fcr Profis entwickelt worden und bereits seit acht Jahre im Einsatz.<\/p>\n","protected":false},"excerpt":{"rendered":"<p>Im April 2013 trafen sich in Frankreich 15 Spitzenk\u00f6che, um aus Sorge um die Qualit\u00e4t und den guten Ruf der franz\u00f6sischen K\u00fcche ein neues G\u00fctesiegel zu lancieren. Es soll Restaurants aller Kategorien und Preisklassen verliehen werden, die das Essen noch &hellip; <a href=\"https:\/\/www.mykessel.com\/blog\/?p=2414\">Weiterlesen <span class=\"meta-nav\">&rarr;<\/span><\/a><\/p>\n","protected":false},"author":54,"featured_media":0,"comment_status":"open","ping_status":"open","sticky":false,"template":"","format":"gallery","meta":{"footnotes":""},"categories":[1],"tags":[],"_links":{"self":[{"href":"https:\/\/www.mykessel.com\/blog\/index.php?rest_route=\/wp\/v2\/posts\/2414"}],"collection":[{"href":"https:\/\/www.mykessel.com\/blog\/index.php?rest_route=\/wp\/v2\/posts"}],"about":[{"href":"https:\/\/www.mykessel.com\/blog\/index.php?rest_route=\/wp\/v2\/types\/post"}],"author":[{"embeddable":true,"href":"https:\/\/www.mykessel.com\/blog\/index.php?rest_route=\/wp\/v2\/users\/54"}],"replies":[{"embeddable":true,"href":"https:\/\/www.mykessel.com\/blog\/index.php?rest_route=%2Fwp%2Fv2%2Fcomments&post=2414"}],"version-history":[{"count":2,"href":"https:\/\/www.mykessel.com\/blog\/index.php?rest_route=\/wp\/v2\/posts\/2414\/revisions"}],"predecessor-version":[{"id":2418,"href":"https:\/\/www.mykessel.com\/blog\/index.php?rest_route=\/wp\/v2\/posts\/2414\/revisions\/2418"}],"wp:attachment":[{"href":"https:\/\/www.mykessel.com\/blog\/index.php?rest_route=%2Fwp%2Fv2%2Fmedia&parent=2414"}],"wp:term":[{"taxonomy":"category","embeddable":true,"href":"https:\/\/www.mykessel.com\/blog\/index.php?rest_route=%2Fwp%2Fv2%2Fcategories&post=2414"},{"taxonomy":"post_tag","embeddable":true,"href":"https:\/\/www.mykessel.com\/blog\/index.php?rest_route=%2Fwp%2Fv2%2Ftags&post=2414"}],"curies":[{"name":"wp","href":"https:\/\/api.w.org\/{rel}","templated":true}]}}