      
            
      {"id":2012,"date":"2013-10-18T09:45:19","date_gmt":"2013-10-18T08:45:19","guid":{"rendered":"http:\/\/www.mykessel.com\/blog\/?p=2012"},"modified":"2014-01-15T14:46:30","modified_gmt":"2014-01-15T13:46:30","slug":"kuche-im-awo-seniorenheim-erhalt-auszeichnung-fur-qualitat","status":"publish","type":"post","link":"https:\/\/www.mykessel.com\/blog\/?p=2012","title":{"rendered":"K\u00fcche im Awo-Seniorenheim erh\u00e4lt Auszeichnung f\u00fcr Qualit\u00e4t"},"content":{"rendered":"<p><a href=\"http:\/\/www.mykessel.com\/blog\/wp-content\/uploads\/2013\/10\/AWO-Coburg.jpg\"><img loading=\"lazy\" decoding=\"async\" class=\"alignleft size-medium wp-image-2013\" alt=\"AWO Coburg\" src=\"http:\/\/www.mykessel.com\/blog\/wp-content\/uploads\/2013\/10\/AWO-Coburg-300x197.jpg\" width=\"300\" height=\"197\" srcset=\"https:\/\/www.mykessel.com\/blog\/wp-content\/uploads\/2013\/10\/AWO-Coburg-300x197.jpg 300w, https:\/\/www.mykessel.com\/blog\/wp-content\/uploads\/2013\/10\/AWO-Coburg.jpg 459w\" sizes=\"(max-width: 300px) 100vw, 300px\" \/><\/a>Mit knackig frischen Zutaten aus der Region punktete das 15-k\u00f6pfige Team<br \/>\num K\u00fcchenleiter Thomas Kaiser vom Awo-Seniorenzentrum in Neustadt. &#8222;Bei<br \/>\nuns gibt es nur selbstgemachte So\u00dfen, keine Fertigsuppen&#8220;, betont der<br \/>\nFachmann, der mit einem grasgr\u00fcnen Hemd, schwarzem Halstuch und<br \/>\nBistrosch\u00fcrze bekleidet ist. Arbeitskleidung ist durchaus wichtig,\u00a0 findet auch das Unternehmen &#8222;My Kessel&#8220;, das mittlerweile bereits\u00a0viele\u00a0Institutionen wie Krankenh\u00e4user, Pflegeheime und Betriebsrestaurants<br \/>\ngenau unter die Lupe genommen und soeben auch die Neustadter Einrichtung<br \/>\nbeurteilt hat. <a href=\"http:\/\/www.infranken.de\/regional\/coburg\/Kueche-im-Awo-Seniorenheim-erhaelt-Auszeichnung-fuer-Qualitaet;art214,543619\">Weiterlesen&#8230;<\/a><\/p>\n","protected":false},"excerpt":{"rendered":"<p>Mit knackig frischen Zutaten aus der Region punktete das 15-k\u00f6pfige Team um K\u00fcchenleiter Thomas Kaiser vom Awo-Seniorenzentrum in Neustadt. &#8222;Bei uns gibt es nur selbstgemachte So\u00dfen, keine Fertigsuppen&#8220;, betont der Fachmann, der mit einem grasgr\u00fcnen Hemd, schwarzem Halstuch und Bistrosch\u00fcrze &hellip; <a href=\"https:\/\/www.mykessel.com\/blog\/?p=2012\">Weiterlesen <span class=\"meta-nav\">&rarr;<\/span><\/a><\/p>\n","protected":false},"author":54,"featured_media":0,"comment_status":"open","ping_status":"open","sticky":false,"template":"","format":"standard","meta":{"footnotes":""},"categories":[10,3,9,1],"tags":[],"_links":{"self":[{"href":"https:\/\/www.mykessel.com\/blog\/index.php?rest_route=\/wp\/v2\/posts\/2012"}],"collection":[{"href":"https:\/\/www.mykessel.com\/blog\/index.php?rest_route=\/wp\/v2\/posts"}],"about":[{"href":"https:\/\/www.mykessel.com\/blog\/index.php?rest_route=\/wp\/v2\/types\/post"}],"author":[{"embeddable":true,"href":"https:\/\/www.mykessel.com\/blog\/index.php?rest_route=\/wp\/v2\/users\/54"}],"replies":[{"embeddable":true,"href":"https:\/\/www.mykessel.com\/blog\/index.php?rest_route=%2Fwp%2Fv2%2Fcomments&post=2012"}],"version-history":[{"count":3,"href":"https:\/\/www.mykessel.com\/blog\/index.php?rest_route=\/wp\/v2\/posts\/2012\/revisions"}],"predecessor-version":[{"id":2114,"href":"https:\/\/www.mykessel.com\/blog\/index.php?rest_route=\/wp\/v2\/posts\/2012\/revisions\/2114"}],"wp:attachment":[{"href":"https:\/\/www.mykessel.com\/blog\/index.php?rest_route=%2Fwp%2Fv2%2Fmedia&parent=2012"}],"wp:term":[{"taxonomy":"category","embeddable":true,"href":"https:\/\/www.mykessel.com\/blog\/index.php?rest_route=%2Fwp%2Fv2%2Fcategories&post=2012"},{"taxonomy":"post_tag","embeddable":true,"href":"https:\/\/www.mykessel.com\/blog\/index.php?rest_route=%2Fwp%2Fv2%2Ftags&post=2012"}],"curies":[{"name":"wp","href":"https:\/\/api.w.org\/{rel}","templated":true}]}}