      
            
      {"id":1801,"date":"2013-07-03T09:18:19","date_gmt":"2013-07-03T08:18:19","guid":{"rendered":"http:\/\/www.mykessel.com\/blog\/?p=1801"},"modified":"2013-07-22T16:13:15","modified_gmt":"2013-07-22T15:13:15","slug":"es-geht-nur-gemeinsam","status":"publish","type":"post","link":"https:\/\/www.mykessel.com\/blog\/?p=1801","title":{"rendered":"Es geht nur gemeinsam!"},"content":{"rendered":"<p>&nbsp;<\/p>\n<table width=\"100%\" cellspacing=\"0\" cellpadding=\"0\">\n<tbody>\n<tr>\n<td><i><span style=\"color: #3366ff;\">&#8222;Zweifle\u00a0nie daran, dass eine kleine Gruppe engagierter Menschen die Welt ver\u00e4ndern kann &#8211; tats\u00e4chlich ist dies die einzige Art und Weise, in der die Welt jemals ver\u00e4ndert wurde.&#8220;<\/span> <\/i>Magret Mead<\/td>\n<\/tr>\n<\/tbody>\n<\/table>\n<p>Ver\u00e4nderung findet immer an der Basis statt. Aber meistens nur wenn der Leidensdruck so hoch ist, dass ein friedliches Miteinander nicht mehr m\u00f6glich ist. Im Nachhinein sagen wir dann: \u201eH\u00e4tten wir uns nur fr\u00fcher zusammengetan, dann w\u00e4re das nicht passiert\u201c.<\/p>\n<p>Wir erleben derzeit eine Pandemie an \u00dcbergewichtigen, Krebs, Herz\/Kreislaufst\u00f6rungen und anderen Zivilisationskrankheiten. Wir wissen, dass falsche Ern\u00e4hrung, mangelnder Bewegung und Stress daf\u00fcr verantwortlich sind.<\/p>\n<p>Wir haben gesehen wie <i>Jamie Oliver<\/i> mit seinem Projekt \u201eSchool dinners\u201c\u00a0 in England gro\u00dfe Probleme hatte, aber auch Erfolge verbuchen konnte. Seit dem k\u00e4mpfen viele Einzelg\u00e4nger in verschiedenen L\u00e4ndern f\u00fcr besseres Essen an unseren Schulen. Aber es sind zu wenige. Sie sind nicht verbunden und deswegen bewegt sich auch sehr wenig in Bezug auf gesundes Essen in Schulen, Kantinen, Pflegeheimen oder Krankenanstalten.<\/p>\n<p>Die L\u00f6sung liegt darin, dass sich die Basis verbinden sollte. Also K\u00f6che, Heimleiter, Pflegedienstleiter, Personalchefs, Manager, K\u00fcchenleiter und alle Mitarbeiter, die Teil dieser Bewegung sein m\u00f6chten. Hier und da ein toller K\u00fcchenchef, der sich f\u00fcr eine bessere Ern\u00e4hrung einsetzt ist eindeutig zu wenig. ES GEHT NUR GEMEINSAM!!!<\/p>\n<p>Die <b><a href=\"http:\/\/www.mykessel.com\/blog\/wp-content\/uploads\/2013\/05\/Verbundenheit-und-Wachstum.pdf\">Verbundenheit &amp; Wachstum Tour<\/a><\/b> in f\u00fcnf St\u00e4dten in \u00d6sterreich m\u00f6chte genau das erreichen! Ein Treffen der Branche, um M\u00f6glichkeiten und L\u00f6sungen aufzuzeigen. Eine Chance f\u00fcr Ver\u00e4nderung.<\/p>\n<table width=\"100%\" cellspacing=\"0\" cellpadding=\"0\">\n<tbody>\n<tr>\n<td><span style=\"color: #3366ff;\">\u201e<i>Wenn\u00a0einer allein tr\u00e4umt, ist es nur ein <\/i><b><i>Traum<\/i><\/b><i>. Wenn viele gemeinsam tr\u00e4umen, ist das der Anfang einer neuen <\/i><b><i>Wirklichkeit.<\/i><\/b><i>\u201c<\/i> <\/span>Friedensreich Hundertwasser<\/td>\n<\/tr>\n<\/tbody>\n<\/table>\n<p>Meine Bitte an Sie ist, wenn Sie selber nicht teilnehmen k\u00f6nnen, schicken Sie diese Einladung an Kollegen, Chefs, Freunde, Bekannte, Lieferanten, Caterer oder Journalisten. Leiten Sie diese Mail auf Facebook, Xing oder Linkedin weiter. Solche Veranstaltungen und Initiativen k\u00f6nnen nur stattfinden wenn es gen\u00fcgend Teilnehmer gibt. Wissen geh\u00f6rt geteilt und schafft Verbundenheit und Wachstum.<\/p>\n<p><b>Um meine Verbundenheit zu zeigen, verl\u00e4ngere ich den Fr\u00fchbucherbonus bis <span style=\"color: #ff0000;\">15. Juli 2013<\/span>. <\/b><\/p>\n<p>Ich freue mich auf Ihre Teilnahme und Partizipation an einer sch\u00f6nen Zukunft.<\/p>\n<p>Ihr<\/p>\n<p>Peter van Melle<\/p>\n<p><a href=\"http:\/\/www.mykessel.com\/blog\/wp-content\/uploads\/2013\/05\/Verbundenheit-und-Wachstum.pdf\">ANMELDUNG\u00a0 <\/a><\/p>\n","protected":false},"excerpt":{"rendered":"<p>&nbsp; &#8222;Zweifle\u00a0nie daran, dass eine kleine Gruppe engagierter Menschen die Welt ver\u00e4ndern kann &#8211; tats\u00e4chlich ist dies die einzige Art und Weise, in der die Welt jemals ver\u00e4ndert wurde.&#8220; Magret Mead Ver\u00e4nderung findet immer an der Basis statt. Aber meistens &hellip; <a href=\"https:\/\/www.mykessel.com\/blog\/?p=1801\">Weiterlesen <span class=\"meta-nav\">&rarr;<\/span><\/a><\/p>\n","protected":false},"author":54,"featured_media":0,"comment_status":"open","ping_status":"open","sticky":false,"template":"","format":"gallery","meta":{"footnotes":""},"categories":[10,1],"tags":[],"_links":{"self":[{"href":"https:\/\/www.mykessel.com\/blog\/index.php?rest_route=\/wp\/v2\/posts\/1801"}],"collection":[{"href":"https:\/\/www.mykessel.com\/blog\/index.php?rest_route=\/wp\/v2\/posts"}],"about":[{"href":"https:\/\/www.mykessel.com\/blog\/index.php?rest_route=\/wp\/v2\/types\/post"}],"author":[{"embeddable":true,"href":"https:\/\/www.mykessel.com\/blog\/index.php?rest_route=\/wp\/v2\/users\/54"}],"replies":[{"embeddable":true,"href":"https:\/\/www.mykessel.com\/blog\/index.php?rest_route=%2Fwp%2Fv2%2Fcomments&post=1801"}],"version-history":[{"count":5,"href":"https:\/\/www.mykessel.com\/blog\/index.php?rest_route=\/wp\/v2\/posts\/1801\/revisions"}],"predecessor-version":[{"id":1805,"href":"https:\/\/www.mykessel.com\/blog\/index.php?rest_route=\/wp\/v2\/posts\/1801\/revisions\/1805"}],"wp:attachment":[{"href":"https:\/\/www.mykessel.com\/blog\/index.php?rest_route=%2Fwp%2Fv2%2Fmedia&parent=1801"}],"wp:term":[{"taxonomy":"category","embeddable":true,"href":"https:\/\/www.mykessel.com\/blog\/index.php?rest_route=%2Fwp%2Fv2%2Fcategories&post=1801"},{"taxonomy":"post_tag","embeddable":true,"href":"https:\/\/www.mykessel.com\/blog\/index.php?rest_route=%2Fwp%2Fv2%2Ftags&post=1801"}],"curies":[{"name":"wp","href":"https:\/\/api.w.org\/{rel}","templated":true}]}}