      
            
      {"id":1428,"date":"2013-02-22T10:31:43","date_gmt":"2013-02-22T09:31:43","guid":{"rendered":"http:\/\/www.mykessel.com\/blog\/?p=1428"},"modified":"2013-02-22T10:31:43","modified_gmt":"2013-02-22T09:31:43","slug":"neue-mm-auditoren","status":"publish","type":"post","link":"https:\/\/www.mykessel.com\/blog\/?p=1428","title":{"rendered":"Neue M&#038;M Auditoren"},"content":{"rendered":"<p>Das internationale Netzwerk an Auditoren w\u00e4chst und w\u00e4chst&#8230; Wir haben einige sehr kompetente Experten zum Auditor ausbilden d\u00fcrfen. Mit diesen neuen Teammitgliedern wird vor allem Nord Deutschland abgedeckt. <a href=\"http:\/\/www.mykessel.com\/blog\/?page_id=515\">Zu den Auditoren\u2026<\/a><\/p>\n<p><strong>Achtung:<\/strong> Derzeit suchen wir noch Auditoren f\u00fcr \u00d6sterreich, Deutschland, Schweiz, S\u00fcd-Tirol und Lichtenstein. Wir richten uns an selbst\u00e4ndige Unternehmensberater, Coaches und Qualit\u00e4tsbeauftragte oder F\u00fchrungskr\u00e4fte aus der Gemeinschaftsverpflegung, die sich selbstst\u00e4ndig machen wollen, um gemeinsam den vielen Gro\u00dfk\u00fcchen zu helfen <strong><em>frischer, besser und nachhaltiger<\/em><\/strong> zu werden.<\/p>\n","protected":false},"excerpt":{"rendered":"<p>Das internationale Netzwerk an Auditoren w\u00e4chst und w\u00e4chst&#8230; Wir haben einige sehr kompetente Experten zum Auditor ausbilden d\u00fcrfen. Mit diesen neuen Teammitgliedern wird vor allem Nord Deutschland abgedeckt. Zu den Auditoren\u2026 Achtung: Derzeit suchen wir noch Auditoren f\u00fcr \u00d6sterreich, Deutschland, &hellip; <a href=\"https:\/\/www.mykessel.com\/blog\/?p=1428\">Weiterlesen <span class=\"meta-nav\">&rarr;<\/span><\/a><\/p>\n","protected":false},"author":54,"featured_media":0,"comment_status":"open","ping_status":"open","sticky":false,"template":"","format":"standard","meta":{"footnotes":""},"categories":[9],"tags":[],"_links":{"self":[{"href":"https:\/\/www.mykessel.com\/blog\/index.php?rest_route=\/wp\/v2\/posts\/1428"}],"collection":[{"href":"https:\/\/www.mykessel.com\/blog\/index.php?rest_route=\/wp\/v2\/posts"}],"about":[{"href":"https:\/\/www.mykessel.com\/blog\/index.php?rest_route=\/wp\/v2\/types\/post"}],"author":[{"embeddable":true,"href":"https:\/\/www.mykessel.com\/blog\/index.php?rest_route=\/wp\/v2\/users\/54"}],"replies":[{"embeddable":true,"href":"https:\/\/www.mykessel.com\/blog\/index.php?rest_route=%2Fwp%2Fv2%2Fcomments&post=1428"}],"version-history":[{"count":1,"href":"https:\/\/www.mykessel.com\/blog\/index.php?rest_route=\/wp\/v2\/posts\/1428\/revisions"}],"predecessor-version":[{"id":1429,"href":"https:\/\/www.mykessel.com\/blog\/index.php?rest_route=\/wp\/v2\/posts\/1428\/revisions\/1429"}],"wp:attachment":[{"href":"https:\/\/www.mykessel.com\/blog\/index.php?rest_route=%2Fwp%2Fv2%2Fmedia&parent=1428"}],"wp:term":[{"taxonomy":"category","embeddable":true,"href":"https:\/\/www.mykessel.com\/blog\/index.php?rest_route=%2Fwp%2Fv2%2Fcategories&post=1428"},{"taxonomy":"post_tag","embeddable":true,"href":"https:\/\/www.mykessel.com\/blog\/index.php?rest_route=%2Fwp%2Fv2%2Ftags&post=1428"}],"curies":[{"name":"wp","href":"https:\/\/api.w.org\/{rel}","templated":true}]}}