      
            
      {"id":1344,"date":"2013-01-28T15:39:31","date_gmt":"2013-01-28T14:39:31","guid":{"rendered":"http:\/\/www.mykessel.com\/blog\/?p=1344"},"modified":"2013-01-28T16:12:34","modified_gmt":"2013-01-28T15:12:34","slug":"biofachmesse-nurnberg","status":"publish","type":"post","link":"https:\/\/www.mykessel.com\/blog\/?p=1344","title":{"rendered":"Biofachmesse N\u00fcrnberg"},"content":{"rendered":"<p>Auf der BioFachmesse, von 13. 16. Februar in N\u00fcrnberg, herrscht eine ganz besondere Atmosph\u00e4re: Sie ist wichtiger Gesch\u00e4ftstermin und emotionaler Branchenevent in einem und dient sowohl als Treffpunkt als auch zur Positionierung. Das Angebotsspektrum der Weltleitmesse f\u00fcr Bio-Produkte l\u00e4sst keine W\u00fcnsche offen und ein hochwertiger Kongress rundet das Messekonzept ab.<\/p>\n<p>Am 14. Februar wird im Gastro-Forum unterandern \u00fcber \u201e<strong>Vom Bio-Zertifikat zur klimaneutralen K\u00fcche\u201c <\/strong>diskutiert. An dieser Diskussion nehme ich ebenfalls teil und stehe nachher gerne f\u00fcr mehr Auskunft \u00fcber Zertifizierungen zur Verf\u00fcgung. <a href=\"http:\/\/www.biofach.de\/de\/kongress\/kongressplaner\/vom-bio-zertifikat-zur-klimaneutralen-kueche--focus2--biofach!dissertation!bea6fe95-0fbd-4af1-afde-69f52cde7c2d!de\/\">N\u00e4here Infos hier\u2026<\/a><\/p>\n<p>Das vollst\u00e4ndige Gastro-Forum Programm finden Sie <a href=\"http:\/\/www.biofach.de\/de\/kongress\/kongressplaner\/\">hier<\/a>.<\/p>\n","protected":false},"excerpt":{"rendered":"<p>Auf der BioFachmesse, von 13. 16. Februar in N\u00fcrnberg, herrscht eine ganz besondere Atmosph\u00e4re: Sie ist wichtiger Gesch\u00e4ftstermin und emotionaler Branchenevent in einem und dient sowohl als Treffpunkt als auch zur Positionierung. Das Angebotsspektrum der Weltleitmesse f\u00fcr Bio-Produkte l\u00e4sst keine &hellip; <a href=\"https:\/\/www.mykessel.com\/blog\/?p=1344\">Weiterlesen <span class=\"meta-nav\">&rarr;<\/span><\/a><\/p>\n","protected":false},"author":54,"featured_media":0,"comment_status":"open","ping_status":"open","sticky":false,"template":"","format":"standard","meta":{"footnotes":""},"categories":[1],"tags":[],"_links":{"self":[{"href":"https:\/\/www.mykessel.com\/blog\/index.php?rest_route=\/wp\/v2\/posts\/1344"}],"collection":[{"href":"https:\/\/www.mykessel.com\/blog\/index.php?rest_route=\/wp\/v2\/posts"}],"about":[{"href":"https:\/\/www.mykessel.com\/blog\/index.php?rest_route=\/wp\/v2\/types\/post"}],"author":[{"embeddable":true,"href":"https:\/\/www.mykessel.com\/blog\/index.php?rest_route=\/wp\/v2\/users\/54"}],"replies":[{"embeddable":true,"href":"https:\/\/www.mykessel.com\/blog\/index.php?rest_route=%2Fwp%2Fv2%2Fcomments&post=1344"}],"version-history":[{"count":3,"href":"https:\/\/www.mykessel.com\/blog\/index.php?rest_route=\/wp\/v2\/posts\/1344\/revisions"}],"predecessor-version":[{"id":1352,"href":"https:\/\/www.mykessel.com\/blog\/index.php?rest_route=\/wp\/v2\/posts\/1344\/revisions\/1352"}],"wp:attachment":[{"href":"https:\/\/www.mykessel.com\/blog\/index.php?rest_route=%2Fwp%2Fv2%2Fmedia&parent=1344"}],"wp:term":[{"taxonomy":"category","embeddable":true,"href":"https:\/\/www.mykessel.com\/blog\/index.php?rest_route=%2Fwp%2Fv2%2Fcategories&post=1344"},{"taxonomy":"post_tag","embeddable":true,"href":"https:\/\/www.mykessel.com\/blog\/index.php?rest_route=%2Fwp%2Fv2%2Ftags&post=1344"}],"curies":[{"name":"wp","href":"https:\/\/api.w.org\/{rel}","templated":true}]}}