      
            
      {"id":1234,"date":"2012-11-16T15:29:23","date_gmt":"2012-11-16T14:29:23","guid":{"rendered":"http:\/\/www.mykessel.com\/blog\/?p=1234"},"modified":"2012-11-19T11:54:55","modified_gmt":"2012-11-19T10:54:55","slug":"mykessel-auf-facebook","status":"publish","type":"post","link":"https:\/\/www.mykessel.com\/blog\/?p=1234","title":{"rendered":"MyKessel auf Facebook"},"content":{"rendered":"<p>Facebook wird als Kommunikationsplattform immer beliebter. Diese M\u00f6glichkeit entdecken auch immer mehr Unternehmen. Es ist eine Chance, auf ungezwungene Art und Weise, mit seinen Kunden in Kontakt zu treten und zu bleiben.\u00a0 Voraussetzung daf\u00fcr ist die regelm\u00e4\u00dfige Pflege der \u00a0FB-Seite, wof\u00fcr h\u00e4ufig bereits \u201eSozial Media Manager\u201c eingesetzt werden. Neue Ideen lassen sich in diesem Medium sehr schnell verbreiten und auf Kritik kann schnell reagiert werden, um Gr\u00f6beres\u00a0 zu vermeiden. Vor allem die Jugend kann man \u00fcber soziale Netzwerke wesentlich schneller erreichen.<\/p>\n<p><a href=\"http:\/\/www.facebook.com\/pages\/MyKessel\/147730111964124?ref=hl\">MyKessel<\/a> ist jetzt auch auf Facebook. Diese Seite wollen wir den Verbrauchern (Kunden und G\u00e4ste, die das Angebot der Gemeinschaftsverpflegung t\u00e4glich in Anspruch nehmen) und den Profis (den Qualit\u00e4tsverantwortlichen der GV) zur Verf\u00fcgung stellen, um sie n\u00e4her zueinander zu bringen. Auf diese Weise kann besser auf die jeweiligen Anforderungen eingegangen und reagiert werden. <a href=\"http:\/\/www.facebook.com\/pages\/MyKessel\/147730111964124?ref=hl\">MyKessel<\/a> wird regelm\u00e4\u00dfig \u00fcber Zertifizierungen und positive Beispiele aus der Branche berichten. Alle Fans sind eingeladen ihre Ideen, Aktionen und Erfahrungen zu posten. Also laden Sie Ihre Kunden, Freunde und Familienmitglieder ein, diese Seite zu beleben. Viele haben Kinder in Schulen, wo die Verpflegung vielleicht noch nicht so optimal ist. Auf <a href=\"http:\/\/www.facebook.com\/pages\/MyKessel\/147730111964124?ref=hl\">MyKessel<\/a> k\u00f6nnen Sie Ihre Bedenken posten. Oder Sie haben Angeh\u00f6rige in Pflegeheimen, waren im Krankenhaus oder wollen einfach nur \u00fcber Ihre \u201eBetriebskantine\u201c berichten. Als Berufsgruppe brauchen wir diese Transparenz, um schneller die Marktbed\u00fcrfnisse erf\u00fcllen zu k\u00f6nnen. Also, wir sehen uns auf <a href=\"http:\/\/www.facebook.com\/pages\/MyKessel\/147730111964124?ref=hl\">Mykessel<\/a>!<\/p>\n<p><a href=\"http:\/\/www.facebook.com\/pages\/MyKessel\/147730111964124?ref=hl\"><img loading=\"lazy\" decoding=\"async\" class=\"alignleft size-full wp-image-1235\" title=\"Folge MyKessel-Facebook\" src=\"http:\/\/www.mykessel.com\/blog\/wp-content\/uploads\/2012\/11\/Folge-MyKessel-Facebook.jpg\" alt=\"\" width=\"246\" height=\"38\" \/><\/a><\/p>\n","protected":false},"excerpt":{"rendered":"<p>Facebook wird als Kommunikationsplattform immer beliebter. Diese M\u00f6glichkeit entdecken auch immer mehr Unternehmen. Es ist eine Chance, auf ungezwungene Art und Weise, mit seinen Kunden in Kontakt zu treten und zu bleiben.\u00a0 Voraussetzung daf\u00fcr ist die regelm\u00e4\u00dfige Pflege der \u00a0FB-Seite, &hellip; <a href=\"https:\/\/www.mykessel.com\/blog\/?p=1234\">Weiterlesen <span class=\"meta-nav\">&rarr;<\/span><\/a><\/p>\n","protected":false},"author":54,"featured_media":0,"comment_status":"open","ping_status":"open","sticky":false,"template":"","format":"gallery","meta":{"footnotes":""},"categories":[9,1],"tags":[],"_links":{"self":[{"href":"https:\/\/www.mykessel.com\/blog\/index.php?rest_route=\/wp\/v2\/posts\/1234"}],"collection":[{"href":"https:\/\/www.mykessel.com\/blog\/index.php?rest_route=\/wp\/v2\/posts"}],"about":[{"href":"https:\/\/www.mykessel.com\/blog\/index.php?rest_route=\/wp\/v2\/types\/post"}],"author":[{"embeddable":true,"href":"https:\/\/www.mykessel.com\/blog\/index.php?rest_route=\/wp\/v2\/users\/54"}],"replies":[{"embeddable":true,"href":"https:\/\/www.mykessel.com\/blog\/index.php?rest_route=%2Fwp%2Fv2%2Fcomments&post=1234"}],"version-history":[{"count":2,"href":"https:\/\/www.mykessel.com\/blog\/index.php?rest_route=\/wp\/v2\/posts\/1234\/revisions"}],"predecessor-version":[{"id":1241,"href":"https:\/\/www.mykessel.com\/blog\/index.php?rest_route=\/wp\/v2\/posts\/1234\/revisions\/1241"}],"wp:attachment":[{"href":"https:\/\/www.mykessel.com\/blog\/index.php?rest_route=%2Fwp%2Fv2%2Fmedia&parent=1234"}],"wp:term":[{"taxonomy":"category","embeddable":true,"href":"https:\/\/www.mykessel.com\/blog\/index.php?rest_route=%2Fwp%2Fv2%2Fcategories&post=1234"},{"taxonomy":"post_tag","embeddable":true,"href":"https:\/\/www.mykessel.com\/blog\/index.php?rest_route=%2Fwp%2Fv2%2Ftags&post=1234"}],"curies":[{"name":"wp","href":"https:\/\/api.w.org\/{rel}","templated":true}]}}